{"id":1008,"date":"2025-06-19T18:30:00","date_gmt":"2025-06-19T18:30:00","guid":{"rendered":"https:\/\/www.secretariaprivada.gob.gt\/?p=1008"},"modified":"2025-11-06T18:31:15","modified_gmt":"2025-11-06T18:31:15","slug":"gobierno-refuerza-la-coordinacion-interinstitucional-para-implementar-agendas-territoriales-en-uspantan-sacapulas-y-chichicastenango","status":"publish","type":"post","link":"https:\/\/www.secretariaprivada.gob.gt\/en\/gobierno-refuerza-la-coordinacion-interinstitucional-para-implementar-agendas-territoriales-en-uspantan-sacapulas-y-chichicastenango\/","title":{"rendered":"Gobierno refuerza la coordinaci\u00f3n interinstitucional para implementar agendas territoriales en Uspant\u00e1n, Sacapulas y Chichicastenango"},"content":{"rendered":"<p class=\"eplus-wrapper\">Con el objetivo de fortalecer el v\u00ednculo entre las autoridades ind\u00edgenas y las instituciones del Ejecutivo, facilitar el intercambio de informaci\u00f3n sobre los avances y consolidar mecanismos de coordinaci\u00f3n entre el gobierno central, las delegaciones departamentales y los pueblos ind\u00edgenas, la Secretar\u00eda Privada de la Presidencia realiz\u00f3 una jornada de trabajo territorial en Uspant\u00e1n, Sacapulas y con las comunidades aliadas de Chichicastenango.<\/p>\n\n\n\n<p class=\"eplus-wrapper\">Durante el encuentro, la Secretar\u00eda Privada de la Presidencia present\u00f3 la ruta de abordaje de las agendas, reiterando el compromiso del Ejecutivo de orientar sus acciones conforme a las competencias institucionales y cumplir los compromisos asumidos con los pueblos ind\u00edgenas.<\/p>\n\n\n\n<p class=\"eplus-wrapper\">Esta acci\u00f3n se enmarca en el di\u00e1logo entre el presidente de la Rep\u00fablica y las autoridades ind\u00edgenas ancestrales, impulsado desde inicios de este gobierno para promover una gesti\u00f3n p\u00fablica m\u00e1s cercana, incluyente y con enfoque intercultural.<\/p>\n\n\n\n<p class=\"eplus-wrapper\">Las visitas contaron con la participaci\u00f3n de delegados de los ministerios y secretar\u00edas vinculadas a las agendas territoriales: Ministerio de Salud P\u00fablica y Asistencia Social (MSPAS), Ministerio de Comunicaciones, Infraestructura y Vivienda (CIV), Secretar\u00eda de Planificaci\u00f3n y Programaci\u00f3n de la Presidencia (SEGEPLAN), Secretar\u00eda de Coordinaci\u00f3n Ejecutiva de la Presidencia (SCEP), Instituto Nacional de Bosques (INAB), Consejo Nacional de \u00c1reas Protegidas (CONAP) y el Instituto de Fomento Municipal (INFOM), con el acompa\u00f1amiento de las gobernaciones departamentales.<\/p>\n\n\n\n<p class=\"eplus-wrapper\">La reuni\u00f3n fue presidida por el equipo t\u00e9cnico de la Secretar\u00eda Privada de la Presidencia y por el gobernador departamental, quien reafirm\u00f3 su compromiso de dar seguimiento al cumplimiento de las agendas desde el \u00e1mbito territorial.<\/p>\n\n\n\n<p class=\"eplus-wrapper\">Este espacio permiti\u00f3 a las instituciones presentar los avances identificados hasta la fecha, as\u00ed como establecer acuerdos clave con las autoridades ind\u00edgenas para continuar fortaleciendo la coordinaci\u00f3n interinstitucional en favor del desarrollo y el respeto de los derechos de los pueblos.<\/p>\n\n\n\n<p class=\"eplus-wrapper\"><\/p>\n\n\n<style>.uid-27b6bcee569535a6  .gt3pg-isotope-item {\n\tpadding-right: 20px;\n\tpadding-bottom: 20px;\n}\n.uid-27b6bcee569535a6  .gallery-isotope-wrapper {\n\tmargin-right: -20px;\n\tmargin-bottom: -20px;\n}\n<\/style><div id=\"uid-27b6bcee569535a6\" data-gt3pg-block=\"grid\" data-index=\"1\" class=\"gt3-photo-gallery-pro--isotope_gallery uid-27b6bcee569535a6 gt3pg-pro--wrapper gt3pg-pro--grid\">\t\t<div data-cols=\"3\" data-cols-tablet=\"3\" data-cols-mobile=\"2\" class=\"gt3pg-isotope-gallery columns-3 hover-none gallery-grid  corner-standard square\" data-settings=\"{&quot;id&quot;:1,&quot;uid&quot;:&quot;uid-27b6bcee569535a6&quot;,&quot;grid_type&quot;:&quot;square&quot;,&quot;modules&quot;:[]}\">\r\n\t\t\t<div class=\"gallery-isotope-wrapper\">\r\n\t\t\t\t<div class=\"gt3pg-isotope-item loading\" ><div class=\"isotope_item-wrapper\"><div class=\"img-wrapper\"><img loading=\"lazy\" decoding=\"async\" width=\"768\" height=\"576\" src=\"https:\/\/www.secretariaprivada.gob.gt\/wp-content\/uploads\/2025\/11\/cImagen-de-WhatsApp-2025-06-20-a-las-16.58.33_c14c0d56-768x576.jpg\" class=\"skip-lazy gt3-lazy-image\" alt=\"\" data-lazy-srcset=\"https:\/\/www.secretariaprivada.gob.gt\/wp-content\/uploads\/2025\/11\/cImagen-de-WhatsApp-2025-06-20-a-las-16.58.33_c14c0d56-768x576.jpg 768w, https:\/\/www.secretariaprivada.gob.gt\/wp-content\/uploads\/2025\/11\/cImagen-de-WhatsApp-2025-06-20-a-las-16.58.33_c14c0d56-533x400.jpg 533w, https:\/\/www.secretariaprivada.gob.gt\/wp-content\/uploads\/2025\/11\/cImagen-de-WhatsApp-2025-06-20-a-las-16.58.33_c14c0d56-667x500.jpg 667w, https:\/\/www.secretariaprivada.gob.gt\/wp-content\/uploads\/2025\/11\/cImagen-de-WhatsApp-2025-06-20-a-las-16.58.33_c14c0d56-267x200.jpg 267w, https:\/\/www.secretariaprivada.gob.gt\/wp-content\/uploads\/2025\/11\/cImagen-de-WhatsApp-2025-06-20-a-las-16.58.33_c14c0d56-16x12.jpg 16w\" data-lazy-sizes=\"(max-width: 768px) 100vw, 768px\" data-lazy-src=\"https:\/\/www.secretariaprivada.gob.gt\/wp-content\/uploads\/2025\/11\/cImagen-de-WhatsApp-2025-06-20-a-las-16.58.33_c14c0d56-768x576.jpg?is-pending-load=1\" srcset=\"data:image\/png;base64,iVBORw0KGgoAAAANSUhEUgAAAE0AAAA5CAYAAABzuqZnAAAACXBIWXMAAA7EAAAOxAGVKw4bAAAAKElEQVR42u3BMQEAAADCoPVPbQlPoAAAAAAAAAAAAAAAAAAAAAAADgZEzQABzhJDggAAAABJRU5ErkJggg==\" \/><\/div><\/div><\/div><div class=\"gt3pg-isotope-item loading\" ><div class=\"isotope_item-wrapper\"><div class=\"img-wrapper\"><img loading=\"lazy\" decoding=\"async\" width=\"768\" height=\"576\" src=\"https:\/\/www.secretariaprivada.gob.gt\/wp-content\/uploads\/2025\/11\/cIMG_0016-768x576.jpeg\" class=\"skip-lazy gt3-lazy-image\" alt=\"\" data-lazy-srcset=\"https:\/\/www.secretariaprivada.gob.gt\/wp-content\/uploads\/2025\/11\/cIMG_0016-768x576.jpeg 768w, https:\/\/www.secretariaprivada.gob.gt\/wp-content\/uploads\/2025\/11\/cIMG_0016-533x400.jpeg 533w, https:\/\/www.secretariaprivada.gob.gt\/wp-content\/uploads\/2025\/11\/cIMG_0016-667x500.jpeg 667w, https:\/\/www.secretariaprivada.gob.gt\/wp-content\/uploads\/2025\/11\/cIMG_0016-267x200.jpeg 267w, https:\/\/www.secretariaprivada.gob.gt\/wp-content\/uploads\/2025\/11\/cIMG_0016-16x12.jpeg 16w\" data-lazy-sizes=\"(max-width: 768px) 100vw, 768px\" data-lazy-src=\"https:\/\/www.secretariaprivada.gob.gt\/wp-content\/uploads\/2025\/11\/cIMG_0016-768x576.jpeg?is-pending-load=1\" srcset=\"data:image\/png;base64,iVBORw0KGgoAAAANSUhEUgAAAE0AAAA5CAYAAABzuqZnAAAACXBIWXMAAA7EAAAOxAGVKw4bAAAAKElEQVR42u3BMQEAAADCoPVPbQlPoAAAAAAAAAAAAAAAAAAAAAAADgZEzQABzhJDggAAAABJRU5ErkJggg==\" \/><\/div><\/div><\/div><div class=\"gt3pg-isotope-item loading\" ><div class=\"isotope_item-wrapper\"><div class=\"img-wrapper\"><img loading=\"lazy\" decoding=\"async\" width=\"768\" height=\"576\" src=\"https:\/\/www.secretariaprivada.gob.gt\/wp-content\/uploads\/2025\/11\/cIMG_0129-768x576.jpeg\" class=\"skip-lazy gt3-lazy-image\" alt=\"\" data-lazy-srcset=\"https:\/\/www.secretariaprivada.gob.gt\/wp-content\/uploads\/2025\/11\/cIMG_0129-768x576.jpeg 768w, https:\/\/www.secretariaprivada.gob.gt\/wp-content\/uploads\/2025\/11\/cIMG_0129-533x400.jpeg 533w, https:\/\/www.secretariaprivada.gob.gt\/wp-content\/uploads\/2025\/11\/cIMG_0129-667x500.jpeg 667w, https:\/\/www.secretariaprivada.gob.gt\/wp-content\/uploads\/2025\/11\/cIMG_0129-267x200.jpeg 267w, https:\/\/www.secretariaprivada.gob.gt\/wp-content\/uploads\/2025\/11\/cIMG_0129-16x12.jpeg 16w\" data-lazy-sizes=\"(max-width: 768px) 100vw, 768px\" data-lazy-src=\"https:\/\/www.secretariaprivada.gob.gt\/wp-content\/uploads\/2025\/11\/cIMG_0129-768x576.jpeg?is-pending-load=1\" srcset=\"data:image\/png;base64,iVBORw0KGgoAAAANSUhEUgAAAE0AAAA5CAYAAABzuqZnAAAACXBIWXMAAA7EAAAOxAGVKw4bAAAAKElEQVR42u3BMQEAAADCoPVPbQlPoAAAAAAAAAAAAAAAAAAAAAAADgZEzQABzhJDggAAAABJRU5ErkJggg==\" \/><\/div><\/div><\/div><div class=\"gt3pg-isotope-item loading\" ><div class=\"isotope_item-wrapper\"><div class=\"img-wrapper\"><img loading=\"lazy\" decoding=\"async\" width=\"768\" height=\"576\" src=\"https:\/\/www.secretariaprivada.gob.gt\/wp-content\/uploads\/2025\/11\/cIMG_0144-768x576.jpeg\" class=\"skip-lazy gt3-lazy-image\" alt=\"\" data-lazy-srcset=\"https:\/\/www.secretariaprivada.gob.gt\/wp-content\/uploads\/2025\/11\/cIMG_0144-768x576.jpeg 768w, https:\/\/www.secretariaprivada.gob.gt\/wp-content\/uploads\/2025\/11\/cIMG_0144-533x400.jpeg 533w, https:\/\/www.secretariaprivada.gob.gt\/wp-content\/uploads\/2025\/11\/cIMG_0144-667x500.jpeg 667w, https:\/\/www.secretariaprivada.gob.gt\/wp-content\/uploads\/2025\/11\/cIMG_0144-267x200.jpeg 267w, https:\/\/www.secretariaprivada.gob.gt\/wp-content\/uploads\/2025\/11\/cIMG_0144-16x12.jpeg 16w\" data-lazy-sizes=\"(max-width: 768px) 100vw, 768px\" data-lazy-src=\"https:\/\/www.secretariaprivada.gob.gt\/wp-content\/uploads\/2025\/11\/cIMG_0144-768x576.jpeg?is-pending-load=1\" srcset=\"data:image\/png;base64,iVBORw0KGgoAAAANSUhEUgAAAE0AAAA5CAYAAABzuqZnAAAACXBIWXMAAA7EAAAOxAGVKw4bAAAAKElEQVR42u3BMQEAAADCoPVPbQlPoAAAAAAAAAAAAAAAAAAAAAAADgZEzQABzhJDggAAAABJRU5ErkJggg==\" \/><\/div><\/div><\/div><div class=\"gt3pg-isotope-item loading\" ><div class=\"isotope_item-wrapper\"><div class=\"img-wrapper\"><img loading=\"lazy\" decoding=\"async\" width=\"768\" height=\"576\" src=\"https:\/\/www.secretariaprivada.gob.gt\/wp-content\/uploads\/2025\/11\/cIMG_0186-768x576.jpeg\" class=\"skip-lazy gt3-lazy-image\" alt=\"\" data-lazy-srcset=\"https:\/\/www.secretariaprivada.gob.gt\/wp-content\/uploads\/2025\/11\/cIMG_0186-768x576.jpeg 768w, https:\/\/www.secretariaprivada.gob.gt\/wp-content\/uploads\/2025\/11\/cIMG_0186-533x400.jpeg 533w, https:\/\/www.secretariaprivada.gob.gt\/wp-content\/uploads\/2025\/11\/cIMG_0186-667x500.jpeg 667w, https:\/\/www.secretariaprivada.gob.gt\/wp-content\/uploads\/2025\/11\/cIMG_0186-267x200.jpeg 267w, https:\/\/www.secretariaprivada.gob.gt\/wp-content\/uploads\/2025\/11\/cIMG_0186-16x12.jpeg 16w\" data-lazy-sizes=\"(max-width: 768px) 100vw, 768px\" data-lazy-src=\"https:\/\/www.secretariaprivada.gob.gt\/wp-content\/uploads\/2025\/11\/cIMG_0186-768x576.jpeg?is-pending-load=1\" srcset=\"data:image\/png;base64,iVBORw0KGgoAAAANSUhEUgAAAE0AAAA5CAYAAABzuqZnAAAACXBIWXMAAA7EAAAOxAGVKw4bAAAAKElEQVR42u3BMQEAAADCoPVPbQlPoAAAAAAAAAAAAAAAAAAAAAAADgZEzQABzhJDggAAAABJRU5ErkJggg==\" \/><\/div><\/div><\/div><div class=\"gt3pg-isotope-item loading\" ><div class=\"isotope_item-wrapper\"><div class=\"img-wrapper\"><img loading=\"lazy\" decoding=\"async\" width=\"768\" height=\"576\" src=\"https:\/\/www.secretariaprivada.gob.gt\/wp-content\/uploads\/2025\/11\/cIMG_2499-768x576.jpeg\" class=\"skip-lazy gt3-lazy-image\" alt=\"\" data-lazy-srcset=\"https:\/\/www.secretariaprivada.gob.gt\/wp-content\/uploads\/2025\/11\/cIMG_2499-768x576.jpeg 768w, https:\/\/www.secretariaprivada.gob.gt\/wp-content\/uploads\/2025\/11\/cIMG_2499-533x400.jpeg 533w, https:\/\/www.secretariaprivada.gob.gt\/wp-content\/uploads\/2025\/11\/cIMG_2499-667x500.jpeg 667w, https:\/\/www.secretariaprivada.gob.gt\/wp-content\/uploads\/2025\/11\/cIMG_2499-267x200.jpeg 267w, https:\/\/www.secretariaprivada.gob.gt\/wp-content\/uploads\/2025\/11\/cIMG_2499-16x12.jpeg 16w\" data-lazy-sizes=\"(max-width: 768px) 100vw, 768px\" data-lazy-src=\"https:\/\/www.secretariaprivada.gob.gt\/wp-content\/uploads\/2025\/11\/cIMG_2499-768x576.jpeg?is-pending-load=1\" srcset=\"data:image\/png;base64,iVBORw0KGgoAAAANSUhEUgAAAE0AAAA5CAYAAABzuqZnAAAACXBIWXMAAA7EAAAOxAGVKw4bAAAAKElEQVR42u3BMQEAAADCoPVPbQlPoAAAAAAAAAAAAAAAAAAAAAAADgZEzQABzhJDggAAAABJRU5ErkJggg==\" \/><\/div><\/div><\/div><div class=\"gt3pg-isotope-item loading\" ><div class=\"isotope_item-wrapper\"><div class=\"img-wrapper\"><img loading=\"lazy\" decoding=\"async\" width=\"768\" height=\"576\" src=\"https:\/\/www.secretariaprivada.gob.gt\/wp-content\/uploads\/2025\/11\/cIMG_2504-768x576.jpeg\" class=\"skip-lazy gt3-lazy-image\" alt=\"\" data-lazy-srcset=\"https:\/\/www.secretariaprivada.gob.gt\/wp-content\/uploads\/2025\/11\/cIMG_2504-768x576.jpeg 768w, https:\/\/www.secretariaprivada.gob.gt\/wp-content\/uploads\/2025\/11\/cIMG_2504-533x400.jpeg 533w, https:\/\/www.secretariaprivada.gob.gt\/wp-content\/uploads\/2025\/11\/cIMG_2504-667x500.jpeg 667w, https:\/\/www.secretariaprivada.gob.gt\/wp-content\/uploads\/2025\/11\/cIMG_2504-267x200.jpeg 267w, https:\/\/www.secretariaprivada.gob.gt\/wp-content\/uploads\/2025\/11\/cIMG_2504-16x12.jpeg 16w\" data-lazy-sizes=\"(max-width: 768px) 100vw, 768px\" data-lazy-src=\"https:\/\/www.secretariaprivada.gob.gt\/wp-content\/uploads\/2025\/11\/cIMG_2504-768x576.jpeg?is-pending-load=1\" srcset=\"data:image\/png;base64,iVBORw0KGgoAAAANSUhEUgAAAE0AAAA5CAYAAABzuqZnAAAACXBIWXMAAA7EAAAOxAGVKw4bAAAAKElEQVR42u3BMQEAAADCoPVPbQlPoAAAAAAAAAAAAAAAAAAAAAAADgZEzQABzhJDggAAAABJRU5ErkJggg==\" \/><\/div><\/div><\/div>\t\t\t<\/div>\r\n\t\t<\/div>\r\n\t\t<script type=\"application\/json\" id=\"settings--uid-27b6bcee569535a6\">{\"id\":1,\"uid\":\"uid-27b6bcee569535a6\",\"grid_type\":\"square\",\"modules\":[]}<\/script>\r\n\t\t<\/div>","protected":false},"excerpt":{"rendered":"<p>Con el objetivo de fortalecer el v\u00ednculo entre las autoridades ind\u00edgenas y las instituciones del Ejecutivo, facilitar el intercambio de informaci\u00f3n sobre los avances y consolidar mecanismos de coordinaci\u00f3n entre el gobierno central, las delegaciones departamentales y los pueblos ind\u00edgenas, la Secretar\u00eda Privada de la Presidencia realiz\u00f3 una jornada de trabajo territorial en Uspant\u00e1n, Sacapulas [&hellip;]<\/p>\n","protected":false},"author":1,"featured_media":1009,"comment_status":"closed","ping_status":"closed","sticky":false,"template":"","format":"standard","meta":{"_acf_changed":false,"editor_plus_copied_stylings":"{}","footnotes":"","_links_to":"","_links_to_target":""},"categories":[1],"tags":[],"class_list":["post-1008","post","type-post","status-publish","format-standard","has-post-thumbnail","hentry","category-uncategorized"],"acf":[],"_links":{"self":[{"href":"https:\/\/www.secretariaprivada.gob.gt\/en\/wp-json\/wp\/v2\/posts\/1008","targetHints":{"allow":["GET"]}}],"collection":[{"href":"https:\/\/www.secretariaprivada.gob.gt\/en\/wp-json\/wp\/v2\/posts"}],"about":[{"href":"https:\/\/www.secretariaprivada.gob.gt\/en\/wp-json\/wp\/v2\/types\/post"}],"author":[{"embeddable":true,"href":"https:\/\/www.secretariaprivada.gob.gt\/en\/wp-json\/wp\/v2\/users\/1"}],"replies":[{"embeddable":true,"href":"https:\/\/www.secretariaprivada.gob.gt\/en\/wp-json\/wp\/v2\/comments?post=1008"}],"version-history":[{"count":0,"href":"https:\/\/www.secretariaprivada.gob.gt\/en\/wp-json\/wp\/v2\/posts\/1008\/revisions"}],"wp:featuredmedia":[{"embeddable":true,"href":"https:\/\/www.secretariaprivada.gob.gt\/en\/wp-json\/wp\/v2\/media\/1009"}],"wp:attachment":[{"href":"https:\/\/www.secretariaprivada.gob.gt\/en\/wp-json\/wp\/v2\/media?parent=1008"}],"wp:term":[{"taxonomy":"category","embeddable":true,"href":"https:\/\/www.secretariaprivada.gob.gt\/en\/wp-json\/wp\/v2\/categories?post=1008"},{"taxonomy":"post_tag","embeddable":true,"href":"https:\/\/www.secretariaprivada.gob.gt\/en\/wp-json\/wp\/v2\/tags?post=1008"}],"curies":[{"name":"wp","href":"https:\/\/api.w.org\/{rel}","templated":true}]}}