{"id":1017,"date":"2025-06-05T18:32:00","date_gmt":"2025-06-05T18:32:00","guid":{"rendered":"https:\/\/www.secretariaprivada.gob.gt\/?p=1017"},"modified":"2025-11-06T18:33:05","modified_gmt":"2025-11-06T18:33:05","slug":"gobierno-avanza-en-la-articulacion-de-rutas-del-desarrollo-en-el-territorio-ixil","status":"publish","type":"post","link":"https:\/\/www.secretariaprivada.gob.gt\/en\/gobierno-avanza-en-la-articulacion-de-rutas-del-desarrollo-en-el-territorio-ixil\/","title":{"rendered":"Gobierno avanza en la articulaci\u00f3n de Rutas del Desarrollo en el territorio Ixil"},"content":{"rendered":"<p class=\"eplus-wrapper\">En seguimiento a los compromisos asumidos en el marco del di\u00e1logo entre el presidente de la Rep\u00fablica y las Autoridades Ind\u00edgenas y Ancestrales, se llev\u00f3 a cabo una reuni\u00f3n de coordinaci\u00f3n para avanzar en la implementaci\u00f3n del programa Rutas del Desarrollo en el territorio Ixil.<\/p>\n\n\n\n<p class=\"eplus-wrapper\">En la reuni\u00f3n participaron representantes de la Alcald\u00eda Ind\u00edgena de Nebaj, el alcalde municipal, un diputado distrital de Quich\u00e9, integrantes del Programa Rutas del Desarrollo, personal del Cuerpo de Ingenieros del Ej\u00e9rcito de Guatemala, as\u00ed como representantes de la Secretar\u00eda Privada de la Presidencia, quienes acompa\u00f1an t\u00e9cnicamente este proceso.<\/p>\n\n\n\n<p class=\"eplus-wrapper\">Durante el encuentro, se destac\u00f3 que el Programa Rutas del Desarrollo impulsa el fortalecimiento de las econom\u00edas locales en el territorio Ixil mediante inversiones en infraestructura vial orientadas al bienestar integral de la poblaci\u00f3n. Estas acciones priorizan los lugares donde al menos el 90\u202f% de los hogares viven en condiciones de pobreza extrema. En ese marco, se explic\u00f3 que los tramos viales fueron identificados estrat\u00e9gicamente con base en su conectividad con los poblados m\u00e1s afectados, con el objetivo de mejorar el acceso y la movilidad en la regi\u00f3n.<\/p>\n\n\n\n<p class=\"eplus-wrapper\">Por su parte, el Cuerpo de Ingenieros del Ej\u00e9rcito expuso los resultados preliminares de una inspecci\u00f3n t\u00e9cnica realizada recientemente, y la municipalidad comparti\u00f3 las rutas contempladas en su planificaci\u00f3n local.<\/p>\n\n\n\n<figure class=\"wp-block-image eplus-wrapper\"><img decoding=\"async\" src=\"https:\/\/prensa.gob.gt\/sites\/default\/files\/inline-images\/Imagen%202.jpg\" alt=\"Programa Rutas del Desarollo\"\/><\/figure>\n\n\n\n<p class=\"eplus-wrapper\">El objetivo de este ejercicio interinstitucional es consolidar una hoja de ruta conjunta que permita alinear esfuerzos entre gobierno central y municipalidades, priorizando las necesidades del territorio y avanzando en la ejecuci\u00f3n de obras que respondan a las demandas de las comunidades. Este esfuerzo se enmarca en el compromiso del Gobierno de Guatemala de promover una gesti\u00f3n p\u00fablica articulada, transparente y con enfoque territorial.<\/p>\n\n\n\n<p class=\"eplus-wrapper\"><\/p>\n\n\n<style>.uid-88b1b51b5960624a  .gt3pg-isotope-item {\n\tpadding-right: 20px;\n\tpadding-bottom: 20px;\n}\n.uid-88b1b51b5960624a  .gallery-isotope-wrapper {\n\tmargin-right: -20px;\n\tmargin-bottom: -20px;\n}\n<\/style><div id=\"uid-88b1b51b5960624a\" data-gt3pg-block=\"grid\" data-index=\"1\" class=\"gt3-photo-gallery-pro--isotope_gallery uid-88b1b51b5960624a gt3pg-pro--wrapper gt3pg-pro--grid\">\t\t<div data-cols=\"3\" data-cols-tablet=\"3\" data-cols-mobile=\"2\" class=\"gt3pg-isotope-gallery columns-3 hover-none gallery-grid  corner-standard square\" data-settings=\"{&quot;id&quot;:1,&quot;uid&quot;:&quot;uid-88b1b51b5960624a&quot;,&quot;grid_type&quot;:&quot;square&quot;,&quot;modules&quot;:[]}\">\r\n\t\t\t<div class=\"gallery-isotope-wrapper\">\r\n\t\t\t\t<div class=\"gt3pg-isotope-item loading\" ><div class=\"isotope_item-wrapper\"><div class=\"img-wrapper\"><img loading=\"lazy\" decoding=\"async\" width=\"768\" height=\"577\" src=\"https:\/\/www.secretariaprivada.gob.gt\/wp-content\/uploads\/2025\/11\/dImagen-2-768x577.jpg\" class=\"skip-lazy gt3-lazy-image\" alt=\"\" data-lazy-srcset=\"https:\/\/www.secretariaprivada.gob.gt\/wp-content\/uploads\/2025\/11\/dImagen-2-768x577.jpg 768w, https:\/\/www.secretariaprivada.gob.gt\/wp-content\/uploads\/2025\/11\/dImagen-2-532x400.jpg 532w, https:\/\/www.secretariaprivada.gob.gt\/wp-content\/uploads\/2025\/11\/dImagen-2-665x500.jpg 665w, https:\/\/www.secretariaprivada.gob.gt\/wp-content\/uploads\/2025\/11\/dImagen-2-266x200.jpg 266w, https:\/\/www.secretariaprivada.gob.gt\/wp-content\/uploads\/2025\/11\/dImagen-2-16x12.jpg 16w\" data-lazy-sizes=\"(max-width: 768px) 100vw, 768px\" data-lazy-src=\"https:\/\/www.secretariaprivada.gob.gt\/wp-content\/uploads\/2025\/11\/dImagen-2-768x577.jpg?is-pending-load=1\" srcset=\"data:image\/png;base64,iVBORw0KGgoAAAANSUhEUgAAAE0AAAA5CAYAAABzuqZnAAAACXBIWXMAAA7EAAAOxAGVKw4bAAAAKElEQVR42u3BMQEAAADCoPVPbQlPoAAAAAAAAAAAAAAAAAAAAAAADgZEzQABzhJDggAAAABJRU5ErkJggg==\" \/><\/div><\/div><\/div>\t\t\t<\/div>\r\n\t\t<\/div>\r\n\t\t<script type=\"application\/json\" id=\"settings--uid-88b1b51b5960624a\">{\"id\":1,\"uid\":\"uid-88b1b51b5960624a\",\"grid_type\":\"square\",\"modules\":[]}<\/script>\r\n\t\t<\/div>","protected":false},"excerpt":{"rendered":"<p>En seguimiento a los compromisos asumidos en el marco del di\u00e1logo entre el presidente de la Rep\u00fablica y las Autoridades Ind\u00edgenas y Ancestrales, se llev\u00f3 a cabo una reuni\u00f3n de coordinaci\u00f3n para avanzar en la implementaci\u00f3n del programa Rutas del Desarrollo en el territorio Ixil. En la reuni\u00f3n participaron representantes de la Alcald\u00eda Ind\u00edgena de [&hellip;]<\/p>\n","protected":false},"author":1,"featured_media":1018,"comment_status":"closed","ping_status":"closed","sticky":false,"template":"","format":"standard","meta":{"_acf_changed":false,"editor_plus_copied_stylings":"{}","footnotes":"","_links_to":"","_links_to_target":""},"categories":[1],"tags":[],"class_list":["post-1017","post","type-post","status-publish","format-standard","has-post-thumbnail","hentry","category-uncategorized"],"acf":[],"_links":{"self":[{"href":"https:\/\/www.secretariaprivada.gob.gt\/en\/wp-json\/wp\/v2\/posts\/1017","targetHints":{"allow":["GET"]}}],"collection":[{"href":"https:\/\/www.secretariaprivada.gob.gt\/en\/wp-json\/wp\/v2\/posts"}],"about":[{"href":"https:\/\/www.secretariaprivada.gob.gt\/en\/wp-json\/wp\/v2\/types\/post"}],"author":[{"embeddable":true,"href":"https:\/\/www.secretariaprivada.gob.gt\/en\/wp-json\/wp\/v2\/users\/1"}],"replies":[{"embeddable":true,"href":"https:\/\/www.secretariaprivada.gob.gt\/en\/wp-json\/wp\/v2\/comments?post=1017"}],"version-history":[{"count":0,"href":"https:\/\/www.secretariaprivada.gob.gt\/en\/wp-json\/wp\/v2\/posts\/1017\/revisions"}],"wp:featuredmedia":[{"embeddable":true,"href":"https:\/\/www.secretariaprivada.gob.gt\/en\/wp-json\/wp\/v2\/media\/1018"}],"wp:attachment":[{"href":"https:\/\/www.secretariaprivada.gob.gt\/en\/wp-json\/wp\/v2\/media?parent=1017"}],"wp:term":[{"taxonomy":"category","embeddable":true,"href":"https:\/\/www.secretariaprivada.gob.gt\/en\/wp-json\/wp\/v2\/categories?post=1017"},{"taxonomy":"post_tag","embeddable":true,"href":"https:\/\/www.secretariaprivada.gob.gt\/en\/wp-json\/wp\/v2\/tags?post=1017"}],"curies":[{"name":"wp","href":"https:\/\/api.w.org\/{rel}","templated":true}]}}