{"id":1256,"date":"2026-04-24T12:30:00","date_gmt":"2026-04-24T12:30:00","guid":{"rendered":"https:\/\/www.secretariaprivada.gob.gt\/?p=1256"},"modified":"2026-04-28T21:26:06","modified_gmt":"2026-04-28T21:26:06","slug":"plan-estrategico-de-transformacion-digital-del-organismo-ejecutivo-avanza-en-su-implementacion","status":"publish","type":"post","link":"https:\/\/www.secretariaprivada.gob.gt\/en\/plan-estrategico-de-transformacion-digital-del-organismo-ejecutivo-avanza-en-su-implementacion\/","title":{"rendered":"Plan Estrat\u00e9gico de Transformaci\u00f3n Digital del Organismo Ejecutivo avanza en su implementaci\u00f3n"},"content":{"rendered":"<p class=\"eplus-wrapper\">Como parte de los esfuerzos para avanzar en la implementaci\u00f3n de la Agenda Nacional de Modernizaci\u00f3n del Organismo Ejecutivo impulsada por el presidente de la Rep\u00fablica, Bernardo Ar\u00e9valo, la Comisi\u00f3n Presidencial de Gobierno Abierto y Electr\u00f3nico (GAE) present\u00f3 ante el Comit\u00e9 Nacional para la Modernizaci\u00f3n el plan de interoperabilidad del Organismo Ejecutivo, el cual se constituye en una de las iniciativas del Plan Estrat\u00e9gico de Transformaci\u00f3n Digital que facilitar\u00e1 el intercambio eficiente, seguro y oportuno de datos entre las instituciones p\u00fablicas optimizando sus recursos y mejorando la calidad de los servicios p\u00fablicos.<\/p>\n\n\n\n<p class=\"eplus-wrapper\">Wendy Miranda, Comisionada de Gobierno Abierto y Electr\u00f3nico (GAE), indic\u00f3 que la interoperabilidad es \u201cla capacidad de sistemas, organizaciones e instituciones para trabajar juntos y compartir informaci\u00f3n de manera fluida, segura y con validez legal\u201d. De esa cuenta, esta iniciativa tambi\u00e9n permitir\u00e1 implementar otros procesos impulsados en el marco de la Agenda de Modernizaci\u00f3n del Organismo Ejecutivo.<\/p>\n\n\n\n<p class=\"eplus-wrapper\">La secretaria privada de la Presidencia, Ana Glenda Tager, en su rol como Secretar\u00eda T\u00e9cnica del Comit\u00e9, coment\u00f3 lo relevante que es esta iniciativa dado que, al contar con par\u00e1metros de evaluaci\u00f3n y respaldo t\u00e9cnico para el funcionamiento del Sistema de Interoperabilidad del Organismo Ejecutivo, permitir\u00e1 que las instituciones de gobierno intercambien informaci\u00f3n a trav\u00e9s de Internet de forma segura y estandarizada<s><del>,<\/del><\/s>&nbsp;para que entre ellas se comuniquen de forma m\u00e1s \u00e1gil.<\/p>\n\n\n\n<p class=\"eplus-wrapper\">El viceministro de Finanzas P\u00fablicas, Carlos Melgar, indic\u00f3 que, en su rol de presidencia del Comit\u00e9, avanzar en la modernizaci\u00f3n del Organismo Ejecutivo es fundamental para facilitar el intercambio de informaci\u00f3n, agilizar procesos y tr\u00e1mites, as\u00ed como mejorar el acceso a los servicios p\u00fablicos que el gobierno central presta a la poblaci\u00f3n. Esta afirmaci\u00f3n fue respaldada por el Comisionado anticorrupci\u00f3n, Julio Flores, destac\u00f3 que esta herramienta apoyar\u00e1 y agilizar\u00e1 los procesos en materia de transparencia en el Organismo Ejecutivo.Por su parte, el secretario de Planificaci\u00f3n, Carlos Mendoza, se\u00f1al\u00f3 la importancia de que el Comit\u00e9 conociera uno de los casos de \u00e9xito en Guatemala implementado por la Superintendencia de Bancos (SIB), donde ya funciona un sistema de interoperabilidad entre instituciones, lo cual fortalece los fundamentos t\u00e9cnicos para la selecci\u00f3n del modelo del Organismo Ejecutivo.<\/p>\n\n\n<style>.uid-06c2b75f95346f70  .gt3pg-isotope-item {\n\tpadding-right: 20px;\n\tpadding-bottom: 20px;\n}\n.uid-06c2b75f95346f70  .gallery-isotope-wrapper {\n\tmargin-right: -20px;\n\tmargin-bottom: -20px;\n}\n<\/style><div id=\"uid-06c2b75f95346f70\" data-gt3pg-block=\"grid\" data-index=\"1\" class=\"gt3-photo-gallery-pro--isotope_gallery uid-06c2b75f95346f70 gt3pg-pro--wrapper gt3pg-pro--grid\">\t\t<div data-cols=\"3\" data-cols-tablet=\"3\" data-cols-mobile=\"2\" class=\"gt3pg-isotope-gallery columns-3 hover-none gallery-grid  corner-standard square\" data-settings=\"{&quot;id&quot;:1,&quot;uid&quot;:&quot;uid-06c2b75f95346f70&quot;,&quot;grid_type&quot;:&quot;square&quot;,&quot;modules&quot;:[]}\">\r\n\t\t\t<div class=\"gallery-isotope-wrapper\">\r\n\t\t\t\t<div class=\"gt3pg-isotope-item loading\" ><div class=\"isotope_item-wrapper\"><div class=\"img-wrapper\"><img loading=\"lazy\" decoding=\"async\" width=\"768\" height=\"576\" src=\"https:\/\/www.secretariaprivada.gob.gt\/wp-content\/uploads\/2026\/04\/IMG_0439-768x576.jpg\" class=\"skip-lazy gt3-lazy-image\" alt=\"\" data-lazy-srcset=\"https:\/\/www.secretariaprivada.gob.gt\/wp-content\/uploads\/2026\/04\/IMG_0439-768x576.jpg 768w, https:\/\/www.secretariaprivada.gob.gt\/wp-content\/uploads\/2026\/04\/IMG_0439-533x400.jpg 533w, https:\/\/www.secretariaprivada.gob.gt\/wp-content\/uploads\/2026\/04\/IMG_0439-667x500.jpg 667w, https:\/\/www.secretariaprivada.gob.gt\/wp-content\/uploads\/2026\/04\/IMG_0439-267x200.jpg 267w, https:\/\/www.secretariaprivada.gob.gt\/wp-content\/uploads\/2026\/04\/IMG_0439-16x12.jpg 16w\" data-lazy-sizes=\"(max-width: 768px) 100vw, 768px\" data-lazy-src=\"https:\/\/www.secretariaprivada.gob.gt\/wp-content\/uploads\/2026\/04\/IMG_0439-768x576.jpg?is-pending-load=1\" srcset=\"data:image\/png;base64,iVBORw0KGgoAAAANSUhEUgAAAE0AAAA5CAYAAABzuqZnAAAACXBIWXMAAA7EAAAOxAGVKw4bAAAAKElEQVR42u3BMQEAAADCoPVPbQlPoAAAAAAAAAAAAAAAAAAAAAAADgZEzQABzhJDggAAAABJRU5ErkJggg==\" \/><\/div><\/div><\/div>\t\t\t<\/div>\r\n\t\t<\/div>\r\n\t\t<script type=\"application\/json\" id=\"settings--uid-06c2b75f95346f70\">{\"id\":1,\"uid\":\"uid-06c2b75f95346f70\",\"grid_type\":\"square\",\"modules\":[]}<\/script>\r\n\t\t<\/div>","protected":false},"excerpt":{"rendered":"<p>Como parte de los esfuerzos para avanzar en la implementaci\u00f3n de la Agenda Nacional de Modernizaci\u00f3n del Organismo Ejecutivo impulsada por el presidente de la Rep\u00fablica, Bernardo Ar\u00e9valo, la Comisi\u00f3n Presidencial de Gobierno Abierto y Electr\u00f3nico (GAE) present\u00f3 ante el Comit\u00e9 Nacional para la Modernizaci\u00f3n el plan de interoperabilidad del Organismo Ejecutivo, el cual se [&hellip;]<\/p>\n","protected":false},"author":4,"featured_media":1257,"comment_status":"closed","ping_status":"closed","sticky":false,"template":"","format":"standard","meta":{"_acf_changed":false,"editor_plus_copied_stylings":"{}","footnotes":"","_links_to":"","_links_to_target":""},"categories":[1],"tags":[],"class_list":["post-1256","post","type-post","status-publish","format-standard","has-post-thumbnail","hentry","category-uncategorized"],"acf":[],"_links":{"self":[{"href":"https:\/\/www.secretariaprivada.gob.gt\/en\/wp-json\/wp\/v2\/posts\/1256","targetHints":{"allow":["GET"]}}],"collection":[{"href":"https:\/\/www.secretariaprivada.gob.gt\/en\/wp-json\/wp\/v2\/posts"}],"about":[{"href":"https:\/\/www.secretariaprivada.gob.gt\/en\/wp-json\/wp\/v2\/types\/post"}],"author":[{"embeddable":true,"href":"https:\/\/www.secretariaprivada.gob.gt\/en\/wp-json\/wp\/v2\/users\/4"}],"replies":[{"embeddable":true,"href":"https:\/\/www.secretariaprivada.gob.gt\/en\/wp-json\/wp\/v2\/comments?post=1256"}],"version-history":[{"count":0,"href":"https:\/\/www.secretariaprivada.gob.gt\/en\/wp-json\/wp\/v2\/posts\/1256\/revisions"}],"wp:featuredmedia":[{"embeddable":true,"href":"https:\/\/www.secretariaprivada.gob.gt\/en\/wp-json\/wp\/v2\/media\/1257"}],"wp:attachment":[{"href":"https:\/\/www.secretariaprivada.gob.gt\/en\/wp-json\/wp\/v2\/media?parent=1256"}],"wp:term":[{"taxonomy":"category","embeddable":true,"href":"https:\/\/www.secretariaprivada.gob.gt\/en\/wp-json\/wp\/v2\/categories?post=1256"},{"taxonomy":"post_tag","embeddable":true,"href":"https:\/\/www.secretariaprivada.gob.gt\/en\/wp-json\/wp\/v2\/tags?post=1256"}],"curies":[{"name":"wp","href":"https:\/\/api.w.org\/{rel}","templated":true}]}}