{"id":473,"date":"2024-08-22T21:34:01","date_gmt":"2024-08-22T21:34:01","guid":{"rendered":"https:\/\/www.secretariaprivada.gob.gt\/?p=473"},"modified":"2024-08-27T19:06:43","modified_gmt":"2024-08-27T19:06:43","slug":"definen-mecanismo-de-implementacion-para-la-modernizacion-delorganismo-ejecutivo","status":"publish","type":"post","link":"https:\/\/www.secretariaprivada.gob.gt\/en\/definen-mecanismo-de-implementacion-para-la-modernizacion-delorganismo-ejecutivo\/","title":{"rendered":"Definen mecanismo de implementaci\u00f3n para la modernizaci\u00f3n del Organismo Ejecutivo"},"content":{"rendered":"<p>En su primera reuni\u00f3n, el Comit\u00e9 de Modernizaci\u00f3n del Organismo Ejecutivo aprob\u00f3 el mecanismo<br>de coordinaci\u00f3n para la implementaci\u00f3n de acciones del proceso para la integraci\u00f3n de la Agenda<br>de Nacional de Modernizaci\u00f3n.<\/p>\n\n\n\n<p>La Agenda Nacional de Modernizaci\u00f3n del Ejecutivo 2024-2028, seg\u00fan el Acuerdo Gubernativo<br \/>106-2026, se basa en los siguientes ejes que se operativizar\u00e1n a trav\u00e9s de la coordinaci\u00f3n de<br \/>mesas tem\u00e1ticas:<\/p>\n<ul>\n<li>Modernizaci\u00f3n de servicio civil;<\/li>\n<li>Transformaci\u00f3n digital;<\/li>\n<li>Descentralizaci\u00f3n e interculturalidad;<\/li>\n<li>Participaci\u00f3n Ciudadana;<\/li>\n<li>Investigaci\u00f3n y formaci\u00f3n;<\/li>\n<li>Transparencia y rendici\u00f3n de cuentas.<\/li>\n<\/ul>\n<p>El mecanismo incluye al Comit\u00e9 de Modernizaci\u00f3n, el Comit\u00e9 T\u00e9cnico, las mesas de Transformaci\u00f3n Digital, Servicio Civil y de Gobiernos Departamentales, adem\u00e1s de los planes de acci\u00f3n.<\/p>\n<p>Asimismo, nombraron a los directores titulares y suplentes a cargo de dicho mecanismo. Como<br \/>titulares quedaron las m\u00e1ximas autoridades de las instituciones que integran el Comit\u00e9:<\/p>\n<ul>\n<li>Ministerio de Finanzas P\u00fablicas, ministro Jonathan Menkos.<\/li>\n<li>Secretar\u00eda Privada de la Presidencia, secretaria Ana Glenda Tager.<\/li>\n<li>Secretar\u00eda General de la Presidencia, secretario Juan Gerardo Guerrero.<\/li>\n<li>Secretar\u00eda de Planificaci\u00f3n y Programaci\u00f3n de la Presidencia, secretario Carlos<br \/>Mendoza.<\/li>\n<li>Comisi\u00f3n Presidencial de Gobierno Abierto y Electr\u00f3nico, comisionado Eddy Cux.<\/li>\n<li>Comisi\u00f3n Presidencial Contra la Corrupci\u00f3n, comisionado Julio Flores.<\/li>\n<li>Oficina de Servicio Civil del Estado, directora Karla G\u00f3mez.<\/li>\n<\/ul>\n<p>A trav\u00e9s de este mecanismo se viabiliza y fortalece el proceso de modernizaci\u00f3n del Organismo<br \/>Ejecutivo y, adem\u00e1s permite la articulaci\u00f3n de los esfuerzos que las instituciones realizan dentro<br \/>del proceso.<\/p>\n<p>El Comit\u00e9 resalt\u00f3 los avances de la mesa de Transformaci\u00f3n Digital y sus tem\u00e1ticas, as\u00ed como la<br \/>integraci\u00f3n de las Mesas de Gobiernos Departamentales y el inicio de la de Servicio Civil.<\/p>\n<p>El ministro de Finanzas y presidente del Comit\u00e9, Jonathan Menkos, resalt\u00f3 que el objetivo del<br \/>proceso de Modernizaci\u00f3n es mejorar la eficiencia, la transparencia y la capacidad de respuesta<br \/>del gobierno a las necesidades de la poblaci\u00f3n, incluyendo la implementaci\u00f3n de tecnolog\u00edas<br \/>modernas, la actualizaci\u00f3n de procesos y mejorar la administraci\u00f3n p\u00fablica al servicio de la<br \/>ciudadan\u00eda. El ministro Menkos agreg\u00f3: \u201cEl Comit\u00e9 realizar\u00e1 un trabajo que permita construir un<br \/>camino en torno a la modernizaci\u00f3n del sector p\u00fablico y que ser\u00e1 un proceso permanente y<br \/>constante, que debe crear una cultura de innovaci\u00f3n\u201d.<\/p>\n<p>Por su parte, Ana Glenda Tager, secretaria privada de la presidencia, indic\u00f3 que la visi\u00f3n del<br \/>presidente Bernardo Ar\u00e9valo de Le\u00f3n, es que, el proceso de Modernizaci\u00f3n del Ejecutivo es<br \/>estrat\u00e9gica para mejorar nuestras instituciones y que a su vez se logre contar con un gobierno<br \/>eficiente, transparente y libre de corrupci\u00f3n al servicio de la poblaci\u00f3n guatemalteca. La secretaria<br \/>Tager agreg\u00f3 \u201cEn \u00e9sta, la primera reuni\u00f3n, aprobamos el mecanismo de coordinaci\u00f3n y se empez\u00f3<br \/>a delinear la ruta de trabajo para definir el tipo de Estado que queremos y c\u00f3mo desarrollaremos la<br \/>Agenda Nacional de Modernizaci\u00f3n en los pr\u00f3ximos cuatro a\u00f1os, ya que como gobierno<br \/>necesitamos tener capacidad para adaptarnos, para innovar y para mejorar nuestras estructuras<br \/>gubernamentales con la adopci\u00f3n de nuevas tecnolog\u00edas, actualizaci\u00f3n de procesos y<br \/>transformaci\u00f3n profunda en la forma en que nuestras instituciones se comunican y prestan<br \/>servicios para atender de forma m\u00e1s eficiente a la ciudadan\u00eda\u201d.<\/p>\n<p>Finalmente, los integrantes del Comit\u00e9 indicaron que en la priorizaci\u00f3n y elaboraci\u00f3n de la agenda<br \/>nacional se invitar\u00e1 a participar a los diferentes sectores, incluyendo las entidades de gobierno<br \/>que lo conforman y otros como sociedad civil, centros de investigaci\u00f3n y el sector privado.<\/p>","protected":false},"excerpt":{"rendered":"<p>En su primera reuni\u00f3n, el Comit\u00e9 de Modernizaci\u00f3n del Organismo Ejecutivo aprob\u00f3 el mecanismode coordinaci\u00f3n para la implementaci\u00f3n de acciones del proceso para la integraci\u00f3n de la Agendade Nacional de Modernizaci\u00f3n.<\/p>","protected":false},"author":1,"featured_media":489,"comment_status":"closed","ping_status":"closed","sticky":false,"template":"","format":"standard","meta":{"_acf_changed":false,"editor_plus_copied_stylings":"{}","footnotes":"","_links_to":"","_links_to_target":""},"categories":[1],"tags":[],"class_list":["post-473","post","type-post","status-publish","format-standard","has-post-thumbnail","hentry","category-uncategorized"],"acf":[],"_links":{"self":[{"href":"https:\/\/www.secretariaprivada.gob.gt\/en\/wp-json\/wp\/v2\/posts\/473","targetHints":{"allow":["GET"]}}],"collection":[{"href":"https:\/\/www.secretariaprivada.gob.gt\/en\/wp-json\/wp\/v2\/posts"}],"about":[{"href":"https:\/\/www.secretariaprivada.gob.gt\/en\/wp-json\/wp\/v2\/types\/post"}],"author":[{"embeddable":true,"href":"https:\/\/www.secretariaprivada.gob.gt\/en\/wp-json\/wp\/v2\/users\/1"}],"replies":[{"embeddable":true,"href":"https:\/\/www.secretariaprivada.gob.gt\/en\/wp-json\/wp\/v2\/comments?post=473"}],"version-history":[{"count":0,"href":"https:\/\/www.secretariaprivada.gob.gt\/en\/wp-json\/wp\/v2\/posts\/473\/revisions"}],"wp:featuredmedia":[{"embeddable":true,"href":"https:\/\/www.secretariaprivada.gob.gt\/en\/wp-json\/wp\/v2\/media\/489"}],"wp:attachment":[{"href":"https:\/\/www.secretariaprivada.gob.gt\/en\/wp-json\/wp\/v2\/media?parent=473"}],"wp:term":[{"taxonomy":"category","embeddable":true,"href":"https:\/\/www.secretariaprivada.gob.gt\/en\/wp-json\/wp\/v2\/categories?post=473"},{"taxonomy":"post_tag","embeddable":true,"href":"https:\/\/www.secretariaprivada.gob.gt\/en\/wp-json\/wp\/v2\/tags?post=473"}],"curies":[{"name":"wp","href":"https:\/\/api.w.org\/{rel}","templated":true}]}}