{"id":482,"date":"2024-08-12T21:46:33","date_gmt":"2024-08-12T21:46:33","guid":{"rendered":"https:\/\/www.secretariaprivada.gob.gt\/?p=482"},"modified":"2024-08-27T16:36:15","modified_gmt":"2024-08-27T16:36:15","slug":"la-secretaria-privada-de-la-presidencia-impulsa-la-transformacion-digital-en-guatemala","status":"publish","type":"post","link":"https:\/\/www.secretariaprivada.gob.gt\/en\/la-secretaria-privada-de-la-presidencia-impulsa-la-transformacion-digital-en-guatemala\/","title":{"rendered":"La Secretar\u00eda Privada de la Presidencia impulsa la transformaci\u00f3n digital en Guatemala"},"content":{"rendered":"<p>La Secretar\u00eda Privada de la Presidencia particip\u00f3 en la actividad <em>Di\u00e1logos hacia la Transformaci\u00f3n Digital<\/em>, destacando su compromiso con el proceso de modernizaci\u00f3n del Organismo Ejecutivo y su rol de impulsar a trav\u00e9s de la Presidencia de la Rep\u00fablica la transformaci\u00f3n digital en Guatemala.<\/p>\n<p>Durante el evento, la secretaria Ana Glenda Tager subray\u00f3 la importancia de la Mesa de Transformaci\u00f3n Digital, que aborda cuatro temas clave: gobernanza digital, interoperabilidad, brecha digital y ciberseguridad. Tager enfatiz\u00f3 que la funci\u00f3n de la Secretar\u00eda es apoyar para que todas las instituciones sigan una direcci\u00f3n com\u00fan en estos temas.<\/p>\n<p>El evento cont\u00f3 con un panel de expertos en transformaci\u00f3n digital y la participaci\u00f3n de invitados internacionales, incluyendo apoyo significativo de Estonia. Entre los asistentes estuvieron representantes de AGEXPORT, AMCHAM, la Uni\u00f3n Europea y la iniciativa privada. Las mesas de discusi\u00f3n y el panel priorizaron temas fundamentales para avanzar en la transformaci\u00f3n digital del pa\u00eds, con un enfoque en ampliar el acceso a servicios p\u00fablicos digitales.<\/p>\n<p>La Comisi\u00f3n Presidencial de Gobierno Abierto y Electr\u00f3nico resalt\u00f3 el apoyo de Estonia en esta transformaci\u00f3n, un pa\u00eds que ha sido reconocido por Naciones Unidas como l\u00edder en digitalizaci\u00f3n de servicios p\u00fablicos, con m\u00e1s del 97% de sus servicios p\u00fablicos digitalizados, seg\u00fan el comisionado Edie Cux.<\/p>\n<p>La actividad reafirma el compromiso de Guatemala con la modernizaci\u00f3n y digitalizaci\u00f3n de sus servicios p\u00fablicos, buscando cercan\u00eda con la poblaci\u00f3n y siguiendo los pasos de pa\u00edses que ya lideran en este \u00e1mbito.<\/p>\n<p>\u00a0<\/p>","protected":false},"excerpt":{"rendered":"","protected":false},"author":1,"featured_media":483,"comment_status":"closed","ping_status":"closed","sticky":false,"template":"","format":"standard","meta":{"_acf_changed":false,"editor_plus_copied_stylings":"{}","footnotes":"","_links_to":"","_links_to_target":""},"categories":[1],"tags":[],"class_list":["post-482","post","type-post","status-publish","format-standard","has-post-thumbnail","hentry","category-uncategorized"],"acf":[],"_links":{"self":[{"href":"https:\/\/www.secretariaprivada.gob.gt\/en\/wp-json\/wp\/v2\/posts\/482","targetHints":{"allow":["GET"]}}],"collection":[{"href":"https:\/\/www.secretariaprivada.gob.gt\/en\/wp-json\/wp\/v2\/posts"}],"about":[{"href":"https:\/\/www.secretariaprivada.gob.gt\/en\/wp-json\/wp\/v2\/types\/post"}],"author":[{"embeddable":true,"href":"https:\/\/www.secretariaprivada.gob.gt\/en\/wp-json\/wp\/v2\/users\/1"}],"replies":[{"embeddable":true,"href":"https:\/\/www.secretariaprivada.gob.gt\/en\/wp-json\/wp\/v2\/comments?post=482"}],"version-history":[{"count":0,"href":"https:\/\/www.secretariaprivada.gob.gt\/en\/wp-json\/wp\/v2\/posts\/482\/revisions"}],"wp:featuredmedia":[{"embeddable":true,"href":"https:\/\/www.secretariaprivada.gob.gt\/en\/wp-json\/wp\/v2\/media\/483"}],"wp:attachment":[{"href":"https:\/\/www.secretariaprivada.gob.gt\/en\/wp-json\/wp\/v2\/media?parent=482"}],"wp:term":[{"taxonomy":"category","embeddable":true,"href":"https:\/\/www.secretariaprivada.gob.gt\/en\/wp-json\/wp\/v2\/categories?post=482"},{"taxonomy":"post_tag","embeddable":true,"href":"https:\/\/www.secretariaprivada.gob.gt\/en\/wp-json\/wp\/v2\/tags?post=482"}],"curies":[{"name":"wp","href":"https:\/\/api.w.org\/{rel}","templated":true}]}}