{"id":675,"date":"2024-12-19T00:23:16","date_gmt":"2024-12-19T00:23:16","guid":{"rendered":"https:\/\/www.secretariaprivada.gob.gt\/?p=675"},"modified":"2025-01-15T00:26:23","modified_gmt":"2025-01-15T00:26:23","slug":"historico-avance-en-la-novena-asamblea-nacional-de-dialogo-del-presidente-con-autoridades-indigenas-y-ancestrales","status":"publish","type":"post","link":"https:\/\/www.secretariaprivada.gob.gt\/en\/historico-avance-en-la-novena-asamblea-nacional-de-dialogo-del-presidente-con-autoridades-indigenas-y-ancestrales\/","title":{"rendered":"Hist\u00f3rico avance en la Novena Asamblea Nacional de Di\u00e1logo del Presidente con Autoridades Ind\u00edgenas y Ancestrales"},"content":{"rendered":"<p class=\"eplus-wrapper\"><\/p>\n\n\n\n<p class=\"eplus-wrapper\">En el emblem\u00e1tico centro ceremonial Kaminal Juy\u00fa, se llev\u00f3 a cabo la novena Asamblea de Di\u00e1logo Nacional entre el Presidente de la Rep\u00fablica de Guatemala y las Autoridades Ind\u00edgenas y Ancestrales. Este espacio de di\u00e1logo, considerado por ambas partes como un ejercicio hist\u00f3rico de inclusi\u00f3n y reconocimiento de los derechos de los pueblos ind\u00edgenas, refuerza el compromiso del Gobierno con el intercambio, el debate y la construcci\u00f3n conjunta de soluciones para el desarrollo del pa\u00eds.\u00a0<\/p>\n\n\n<div class=\"wp-block-image\">\n<figure class=\"aligncenter size-large eplus-wrapper\"><img loading=\"lazy\" decoding=\"async\" width=\"750\" height=\"500\" src=\"https:\/\/www.secretariaprivada.gob.gt\/wp-content\/uploads\/2025\/01\/20241219-_BC-PRESIDENTE-BERNARDO-AREVALO-SOSTUVO-REUNION-CON-LIDERES-PUEBLOS-INDIGENAS-PARQUE-KAMINAL-JUYU-ZONA-7-0015-750x500.jpeg\" alt=\"\" class=\"wp-image-677\" srcset=\"https:\/\/www.secretariaprivada.gob.gt\/wp-content\/uploads\/2025\/01\/20241219-_BC-PRESIDENTE-BERNARDO-AREVALO-SOSTUVO-REUNION-CON-LIDERES-PUEBLOS-INDIGENAS-PARQUE-KAMINAL-JUYU-ZONA-7-0015-750x500.jpeg 750w, https:\/\/www.secretariaprivada.gob.gt\/wp-content\/uploads\/2025\/01\/20241219-_BC-PRESIDENTE-BERNARDO-AREVALO-SOSTUVO-REUNION-CON-LIDERES-PUEBLOS-INDIGENAS-PARQUE-KAMINAL-JUYU-ZONA-7-0015-600x400.jpeg 600w, https:\/\/www.secretariaprivada.gob.gt\/wp-content\/uploads\/2025\/01\/20241219-_BC-PRESIDENTE-BERNARDO-AREVALO-SOSTUVO-REUNION-CON-LIDERES-PUEBLOS-INDIGENAS-PARQUE-KAMINAL-JUYU-ZONA-7-0015-300x200.jpeg 300w, https:\/\/www.secretariaprivada.gob.gt\/wp-content\/uploads\/2025\/01\/20241219-_BC-PRESIDENTE-BERNARDO-AREVALO-SOSTUVO-REUNION-CON-LIDERES-PUEBLOS-INDIGENAS-PARQUE-KAMINAL-JUYU-ZONA-7-0015-768x512.jpeg 768w, https:\/\/www.secretariaprivada.gob.gt\/wp-content\/uploads\/2025\/01\/20241219-_BC-PRESIDENTE-BERNARDO-AREVALO-SOSTUVO-REUNION-CON-LIDERES-PUEBLOS-INDIGENAS-PARQUE-KAMINAL-JUYU-ZONA-7-0015.jpeg 1000w\" sizes=\"auto, (max-width: 750px) 100vw, 750px\" \/><\/figure>\n<\/div>\n\n\n<p class=\"eplus-wrapper\">Las Autoridades Ind\u00edgenas expresaron su gratitud por este foro, subrayando su relevancia como un pilar para el desarrollo inclusivo y sostenible. Actualmente, el di\u00e1logo cuenta con la participaci\u00f3n de 16 organizaciones que representan a m\u00e1s de 111 comunidades.&nbsp;<\/p>\n\n\n\n<p class=\"eplus-wrapper\">Durante la asamblea, se present\u00f3 un an\u00e1lisis de los logros alcanzados, que incluyen avances en pol\u00edticas p\u00fablicas, reformas legislativas y coordinaci\u00f3n interinstitucional. Entre los principales resultados se destacan:&nbsp;<\/p>\n\n\n<ul class=\"wp-block-list eplus-wrapper eplus-styles-uid-8f9894\">\n<li class=\"eplus-wrapper\">El proceso de di\u00e1logo liderado por el Instituto Nacional de Administraci\u00f3n P\u00fablica (INAP) identific\u00f3 retos clave en los territorios para el desarrollo de los gobiernos departamentales.\u00a0<\/li>\n\n\n\n<li class=\"eplus-wrapper\">Reformas a los acuerdos gubernativos de la Defensor\u00eda de la Mujer Ind\u00edgena (DEMI) y la Comisi\u00f3n Presidencial Contra la Discriminaci\u00f3n y el Racismo (CODISRA), actualmente en etapa de selecci\u00f3n de nuevos integrantes.\u00a0<\/li>\n\n\n\n<li class=\"eplus-wrapper\">Nombramientos de liderazgos ind\u00edgenas en cargos clave de instituciones como MICUDE, MIDES, MINEDUC y gobernaciones departamentales.\u00a0<\/li>\n\n\n\n<li class=\"eplus-wrapper\">La creaci\u00f3n de un esquema de medios tradicionales y alternativos para garantizar el acceso a la informaci\u00f3n en comunidades ind\u00edgenas.\u00a0<\/li>\n\n\n\n<li class=\"eplus-wrapper\">Un mecanismo de coordinaci\u00f3n institucional para detener desalojos y garantizar el respeto a los derechos humanos, sin registros de nuevos desalojos desde junio.\u00a0<\/li>\n\n\n\n<li class=\"eplus-wrapper\">Consultas a pueblos ind\u00edgenas sobre proyectos ordenados por la Corte de Constitucionalidad, como el proyecto minero Escobal en Santa Rosa.\u00a0<\/li>\n\n\n\n<li class=\"eplus-wrapper\">Propuestas de salud inclusiva que integran plantas medicinales, capacitaci\u00f3n intercultural para personal de salud y una ruta de atenci\u00f3n materna-neonatal con comadronas y terapeutas ind\u00edgenas.\u00a0<\/li>\n\n\n\n<li class=\"eplus-wrapper\">Instalaci\u00f3n de tres mesas espec\u00edficas para la educaci\u00f3n intercultural biling\u00fce con los pueblos Xinca, Gar\u00edfuna y Tujaal.\u00a0<\/li>\n<\/ul>\n\n\n<p class=\"eplus-wrapper\">El evento concluy\u00f3 con una ceremonia maya, un acto simb\u00f3lico que resalt\u00f3 el respeto a las tradiciones y cosmovisi\u00f3n de los pueblos ind\u00edgenas.\u00a0<\/p>\n\n\n<div class=\"wp-block-image\">\n<figure class=\"aligncenter size-large eplus-wrapper\"><img loading=\"lazy\" decoding=\"async\" width=\"282\" height=\"500\" src=\"https:\/\/www.secretariaprivada.gob.gt\/wp-content\/uploads\/2025\/01\/WhatsApp-Image-2024-12-19-at-5.39.12-PM-1-282x500.jpg\" alt=\"\" class=\"wp-image-680\" srcset=\"https:\/\/www.secretariaprivada.gob.gt\/wp-content\/uploads\/2025\/01\/WhatsApp-Image-2024-12-19-at-5.39.12-PM-1-282x500.jpg 282w, https:\/\/www.secretariaprivada.gob.gt\/wp-content\/uploads\/2025\/01\/WhatsApp-Image-2024-12-19-at-5.39.12-PM-1-225x400.jpg 225w, https:\/\/www.secretariaprivada.gob.gt\/wp-content\/uploads\/2025\/01\/WhatsApp-Image-2024-12-19-at-5.39.12-PM-1-113x200.jpg 113w, https:\/\/www.secretariaprivada.gob.gt\/wp-content\/uploads\/2025\/01\/WhatsApp-Image-2024-12-19-at-5.39.12-PM-1.jpg 563w\" sizes=\"auto, (max-width: 282px) 100vw, 282px\" \/><\/figure>\n<\/div>\n\n\n<p class=\"eplus-wrapper\">En la primera reuni\u00f3n de 2025, programada en este mismo espacio, se definir\u00e1 la agenda nacional que guiar\u00e1 los esfuerzos conjuntos del Gobierno y las comunidades ind\u00edgenas en el pr\u00f3ximo a\u00f1o.\u00a0<\/p>","protected":false},"excerpt":{"rendered":"<p>En el emblem\u00e1tico centro ceremonial Kaminal Juy\u00fa, se llev\u00f3 a cabo la novena Asamblea de Di\u00e1logo Nacional entre el Presidente de la Rep\u00fablica de Guatemala y las Autoridades Ind\u00edgenas y Ancestrales. Este espacio de di\u00e1logo, considerado por ambas partes como un ejercicio hist\u00f3rico de inclusi\u00f3n y reconocimiento de los derechos de los pueblos ind\u00edgenas, refuerza [&hellip;]<\/p>\n","protected":false},"author":1,"featured_media":676,"comment_status":"closed","ping_status":"closed","sticky":false,"template":"","format":"standard","meta":{"_acf_changed":false,"editor_plus_copied_stylings":"{}","footnotes":"","_links_to":"","_links_to_target":""},"categories":[1],"tags":[],"class_list":["post-675","post","type-post","status-publish","format-standard","has-post-thumbnail","hentry","category-uncategorized"],"acf":[],"_links":{"self":[{"href":"https:\/\/www.secretariaprivada.gob.gt\/en\/wp-json\/wp\/v2\/posts\/675","targetHints":{"allow":["GET"]}}],"collection":[{"href":"https:\/\/www.secretariaprivada.gob.gt\/en\/wp-json\/wp\/v2\/posts"}],"about":[{"href":"https:\/\/www.secretariaprivada.gob.gt\/en\/wp-json\/wp\/v2\/types\/post"}],"author":[{"embeddable":true,"href":"https:\/\/www.secretariaprivada.gob.gt\/en\/wp-json\/wp\/v2\/users\/1"}],"replies":[{"embeddable":true,"href":"https:\/\/www.secretariaprivada.gob.gt\/en\/wp-json\/wp\/v2\/comments?post=675"}],"version-history":[{"count":0,"href":"https:\/\/www.secretariaprivada.gob.gt\/en\/wp-json\/wp\/v2\/posts\/675\/revisions"}],"wp:featuredmedia":[{"embeddable":true,"href":"https:\/\/www.secretariaprivada.gob.gt\/en\/wp-json\/wp\/v2\/media\/676"}],"wp:attachment":[{"href":"https:\/\/www.secretariaprivada.gob.gt\/en\/wp-json\/wp\/v2\/media?parent=675"}],"wp:term":[{"taxonomy":"category","embeddable":true,"href":"https:\/\/www.secretariaprivada.gob.gt\/en\/wp-json\/wp\/v2\/categories?post=675"},{"taxonomy":"post_tag","embeddable":true,"href":"https:\/\/www.secretariaprivada.gob.gt\/en\/wp-json\/wp\/v2\/tags?post=675"}],"curies":[{"name":"wp","href":"https:\/\/api.w.org\/{rel}","templated":true}]}}