{"id":970,"date":"2025-08-21T18:11:00","date_gmt":"2025-08-21T18:11:00","guid":{"rendered":"https:\/\/www.secretariaprivada.gob.gt\/?p=970"},"modified":"2025-11-06T18:11:51","modified_gmt":"2025-11-06T18:11:51","slug":"gobierno-impulsa-activacion-economica-junto-a-autoridades-indigenas-en-la-16a-asamblea-nacional-de-dialogo-de-alto-nivel","status":"publish","type":"post","link":"https:\/\/www.secretariaprivada.gob.gt\/en\/gobierno-impulsa-activacion-economica-junto-a-autoridades-indigenas-en-la-16a-asamblea-nacional-de-dialogo-de-alto-nivel\/","title":{"rendered":"Gobierno impulsa activaci\u00f3n econ\u00f3mica junto a autoridades ind\u00edgenas en la 16\u00aa Asamblea Nacional de Di\u00e1logo de Alto Nivel"},"content":{"rendered":"<p class=\"eplus-wrapper\">El presidente de la Rep\u00fablica, Bernardo Ar\u00e9valo, acompa\u00f1\u00f3 la D\u00e9cimo Sexta Asamblea Nacional de Di\u00e1logo con Autoridades Ind\u00edgenas y Ancestrales, dedicada en esta ocasi\u00f3n al tema de la activaci\u00f3n econ\u00f3mica de los pueblos ind\u00edgenas.&nbsp;<\/p>\n\n\n\n<p class=\"eplus-wrapper\">El mandatario subray\u00f3 que el reconocimiento de los pueblos ind\u00edgenas debe traducirse en medidas de bienestar concretas, m\u00e1s all\u00e1 de lo cultural o simb\u00f3lico, y destac\u00f3 que su gobierno impulsa la construcci\u00f3n de instituciones que trabajen de la mano con las autoridades ancestrales.&nbsp;<\/p>\n\n\n\n<p class=\"eplus-wrapper\">\u201cQueremos abrir caminos que generen oportunidades reales para las comunidades ind\u00edgenas. Eso ya cambi\u00f3: queremos hacer que las cosas funcionen y aunque cueste, iremos dando respuesta a los problemas de las comunidades\u201d, afirm\u00f3.&nbsp;<\/p>\n\n\n\n<p class=\"eplus-wrapper\">Durante el encuentro, representantes del Ministerio de Agricultura, Ganader\u00eda y Alimentaci\u00f3n (MAGA), el Ministerio de Econom\u00eda (MINECO), el Instituto Guatemalteco de Turismo (INGUAT) y el Instituto Nacional de Cooperativas (INACOP) expusieron propuestas en \u00e1reas clave como bio f\u00e1bricas, turismo comunitario, propiedad intelectual de tejidos y productos tradicionales, y acceso a cr\u00e9ditos para Mipymes.&nbsp;<\/p>\n\n\n\n<p class=\"eplus-wrapper\"><strong>Propuestas y aportes institucionales:&nbsp;<\/strong><\/p>\n\n\n\n<p class=\"eplus-wrapper\">En representaci\u00f3n del MAGA, el viceministro de Desarrollo Econ\u00f3mico Rural, Jos\u00e9 Antonio L\u00f3pez Leonardo, present\u00f3 el proyecto de biof\u00e1bricas, una alternativa sostenible que busca reducir la dependencia de agroqu\u00edmicos y fortalecer la econom\u00eda campesina. Explic\u00f3 que estas iniciativas, adaptadas a espacios comunitarios con baja inversi\u00f3n, permiten producir biofertilizantes e insumos org\u00e1nicos a partir de microorganismos de monta\u00f1a y desechos org\u00e1nicos, con beneficios ambientales, productivos y econ\u00f3micos.&nbsp;<\/p>\n\n\n\n<p class=\"eplus-wrapper\">Por parte del INGUAT, la directora de Mercadeo, Luisa Fernanda Rodr\u00edguez Quiroa, expuso los avances en turismo comunitario, destacando la promoci\u00f3n de productos culturales como la sal negra de Sacapulas, la participaci\u00f3n de pueblos ind\u00edgenas en la construcci\u00f3n de la marca pa\u00eds y la inclusi\u00f3n de cofrad\u00edas en actividades culturales. Se\u00f1al\u00f3 adem\u00e1s la participaci\u00f3n de comunidades en ferias internacionales y la actualizaci\u00f3n del Plan Maestro de Turismo Sostenible, que incorpora talleres con pertinencia cultural.&nbsp;<\/p>\n\n\n\n<p class=\"eplus-wrapper\">La ministra de Econom\u00eda, Gabriela Garc\u00eda, explic\u00f3 los cuatro ejes de trabajo de MINECO: clima de negocios y vocaciones productivas, internacionalizaci\u00f3n de empresas, apoyo a Mipymes y condiciones equitativas de mercado. Anunci\u00f3 la pr\u00f3xima apertura de la sede de MINECO en Quetzaltenango, que contar\u00e1 por primera vez con los cinco viceministerios de la instituci\u00f3n.&nbsp;<\/p>\n\n\n\n<p class=\"eplus-wrapper\">La viceministra Sara Larios resalt\u00f3 los avances en materia de propiedad intelectual con pertinencia cultural, incluyendo proyectos de denominaci\u00f3n de origen para productos como la sal negra y procesos de protecci\u00f3n de tejidos tradicionales mediante marcas colectivas y derechos de autor.&nbsp;<\/p>\n\n\n\n<p class=\"eplus-wrapper\">La viceministra Elizabeth Ugalde, del Viceministerio de Desarrollo, inform\u00f3 sobre el acompa\u00f1amiento a Mipymes, con 20 mil beneficiarios atendidos a trav\u00e9s de 15 sedes departamentales, en su mayor\u00eda mujeres y poblaci\u00f3n maya. Detall\u00f3 que el fideicomiso administrado por la cartera ha otorgado m\u00e1s de 1,000 cr\u00e9ditos anuales, con \u00e9nfasis en el interior del pa\u00eds y en el comercio, turismo y artesan\u00edas.&nbsp;<\/p>\n\n\n\n<p class=\"eplus-wrapper\">El presidente del Consejo Directivo del INACOP, Elmer Vel\u00e1zquez, destac\u00f3 la importancia de revitalizar el cooperativismo como modelo de econom\u00eda social y solidaria, recordando que las cooperativas deben funcionar bajo principios de equidad y beneficio colectivo, y no \u00fanicamente como empresas comerciales. Se\u00f1al\u00f3 que se fortalecer\u00e1n mecanismos de apoyo para que las comunidades ind\u00edgenas puedan acceder a financiamiento, capacitaci\u00f3n y mercados a trav\u00e9s de estructuras cooperativas aut\u00e9nticas y sostenibles.&nbsp;<\/p>\n\n\n\n<p class=\"eplus-wrapper\">La subsecretaria M\u00f3nica Mazariegos actualiz\u00f3 a las autoridades sobre el estado de la reforma al art\u00edculo 30 bis de la Ley Org\u00e1nica del Presupuesto, la situaci\u00f3n del Fondo de Desarrollo Ind\u00edgena de Guatemala (FODIGUA) y el trabajo de la Mesa de Territorios. Inform\u00f3 que se conform\u00f3 una comisi\u00f3n t\u00e9cnica y pol\u00edtica de seguimiento integrada por representantes de diversos pueblos ind\u00edgenas y asesores t\u00e9cnicos, con acompa\u00f1amiento de la Secretar\u00eda Privada de la Presidencia y la Secretar\u00eda General de Planificaci\u00f3n y Programaci\u00f3n de la Presidencia.&nbsp;<\/p>\n\n\n\n<p class=\"eplus-wrapper\">En sus palabras de cierre, el presidente Ar\u00e9valo reiter\u00f3 la importancia de la coordinaci\u00f3n interinstitucional para que los proyectos sean sostenibles y respondan a las agendas territoriales. Adem\u00e1s, hizo un llamado a recuperar el esp\u00edritu del cooperativismo como econom\u00eda social y solidaria en beneficio de las comunidades.&nbsp;<\/p>\n\n\n\n<p class=\"eplus-wrapper\"><\/p>\n\n\n<style>.uid-33b1b587407f3cc4  .gt3pg-isotope-item {\n\tpadding-right: 20px;\n\tpadding-bottom: 20px;\n}\n.uid-33b1b587407f3cc4  .gallery-isotope-wrapper {\n\tmargin-right: -20px;\n\tmargin-bottom: -20px;\n}\n<\/style><div id=\"uid-33b1b587407f3cc4\" data-gt3pg-block=\"grid\" data-index=\"1\" class=\"gt3-photo-gallery-pro--isotope_gallery uid-33b1b587407f3cc4 gt3pg-pro--wrapper gt3pg-pro--grid\">\t\t<div data-cols=\"3\" data-cols-tablet=\"3\" data-cols-mobile=\"2\" class=\"gt3pg-isotope-gallery columns-3 hover-none gallery-grid  corner-standard square\" data-settings=\"{&quot;id&quot;:1,&quot;uid&quot;:&quot;uid-33b1b587407f3cc4&quot;,&quot;grid_type&quot;:&quot;square&quot;,&quot;modules&quot;:[]}\">\r\n\t\t\t<div class=\"gallery-isotope-wrapper\">\r\n\t\t\t\t<div class=\"gt3pg-isotope-item loading\" ><div class=\"isotope_item-wrapper\"><div class=\"img-wrapper\"><img loading=\"lazy\" decoding=\"async\" width=\"768\" height=\"576\" src=\"https:\/\/www.secretariaprivada.gob.gt\/wp-content\/uploads\/2025\/11\/20250820__AJ__PRESIDENTE-BERNARDO-AREVALO-LIDERA-REUNION-CON-AUTORIDADES-ANCESTRALES-PUEBLOS-INDIGENAS-PALACIO-NACIONAL-000075-768x576.jpeg\" class=\"skip-lazy gt3-lazy-image\" alt=\"\" data-lazy-srcset=\"https:\/\/www.secretariaprivada.gob.gt\/wp-content\/uploads\/2025\/11\/20250820__AJ__PRESIDENTE-BERNARDO-AREVALO-LIDERA-REUNION-CON-AUTORIDADES-ANCESTRALES-PUEBLOS-INDIGENAS-PALACIO-NACIONAL-000075-768x576.jpeg 768w, https:\/\/www.secretariaprivada.gob.gt\/wp-content\/uploads\/2025\/11\/20250820__AJ__PRESIDENTE-BERNARDO-AREVALO-LIDERA-REUNION-CON-AUTORIDADES-ANCESTRALES-PUEBLOS-INDIGENAS-PALACIO-NACIONAL-000075-533x400.jpeg 533w, https:\/\/www.secretariaprivada.gob.gt\/wp-content\/uploads\/2025\/11\/20250820__AJ__PRESIDENTE-BERNARDO-AREVALO-LIDERA-REUNION-CON-AUTORIDADES-ANCESTRALES-PUEBLOS-INDIGENAS-PALACIO-NACIONAL-000075-667x500.jpeg 667w, https:\/\/www.secretariaprivada.gob.gt\/wp-content\/uploads\/2025\/11\/20250820__AJ__PRESIDENTE-BERNARDO-AREVALO-LIDERA-REUNION-CON-AUTORIDADES-ANCESTRALES-PUEBLOS-INDIGENAS-PALACIO-NACIONAL-000075-267x200.jpeg 267w, https:\/\/www.secretariaprivada.gob.gt\/wp-content\/uploads\/2025\/11\/20250820__AJ__PRESIDENTE-BERNARDO-AREVALO-LIDERA-REUNION-CON-AUTORIDADES-ANCESTRALES-PUEBLOS-INDIGENAS-PALACIO-NACIONAL-000075-16x12.jpeg 16w\" data-lazy-sizes=\"(max-width: 768px) 100vw, 768px\" data-lazy-src=\"https:\/\/www.secretariaprivada.gob.gt\/wp-content\/uploads\/2025\/11\/20250820__AJ__PRESIDENTE-BERNARDO-AREVALO-LIDERA-REUNION-CON-AUTORIDADES-ANCESTRALES-PUEBLOS-INDIGENAS-PALACIO-NACIONAL-000075-768x576.jpeg?is-pending-load=1\" srcset=\"data:image\/png;base64,iVBORw0KGgoAAAANSUhEUgAAAE0AAAA5CAYAAABzuqZnAAAACXBIWXMAAA7EAAAOxAGVKw4bAAAAKElEQVR42u3BMQEAAADCoPVPbQlPoAAAAAAAAAAAAAAAAAAAAAAADgZEzQABzhJDggAAAABJRU5ErkJggg==\" \/><\/div><\/div><\/div><div class=\"gt3pg-isotope-item loading\" ><div class=\"isotope_item-wrapper\"><div class=\"img-wrapper\"><img loading=\"lazy\" decoding=\"async\" width=\"768\" height=\"576\" src=\"https:\/\/www.secretariaprivada.gob.gt\/wp-content\/uploads\/2025\/11\/20250821__BC__PRESIDENTE-BERNARDO-AREVALO-LIDERA-REUNION-CON-AUTORIDADES-ANCESTRALES-PUEBLOS-INDIGENAS-PALACIO-NACIONAL-000067-768x576.jpeg\" class=\"skip-lazy gt3-lazy-image\" alt=\"\" data-lazy-srcset=\"https:\/\/www.secretariaprivada.gob.gt\/wp-content\/uploads\/2025\/11\/20250821__BC__PRESIDENTE-BERNARDO-AREVALO-LIDERA-REUNION-CON-AUTORIDADES-ANCESTRALES-PUEBLOS-INDIGENAS-PALACIO-NACIONAL-000067-768x576.jpeg 768w, https:\/\/www.secretariaprivada.gob.gt\/wp-content\/uploads\/2025\/11\/20250821__BC__PRESIDENTE-BERNARDO-AREVALO-LIDERA-REUNION-CON-AUTORIDADES-ANCESTRALES-PUEBLOS-INDIGENAS-PALACIO-NACIONAL-000067-533x400.jpeg 533w, https:\/\/www.secretariaprivada.gob.gt\/wp-content\/uploads\/2025\/11\/20250821__BC__PRESIDENTE-BERNARDO-AREVALO-LIDERA-REUNION-CON-AUTORIDADES-ANCESTRALES-PUEBLOS-INDIGENAS-PALACIO-NACIONAL-000067-667x500.jpeg 667w, https:\/\/www.secretariaprivada.gob.gt\/wp-content\/uploads\/2025\/11\/20250821__BC__PRESIDENTE-BERNARDO-AREVALO-LIDERA-REUNION-CON-AUTORIDADES-ANCESTRALES-PUEBLOS-INDIGENAS-PALACIO-NACIONAL-000067-267x200.jpeg 267w, https:\/\/www.secretariaprivada.gob.gt\/wp-content\/uploads\/2025\/11\/20250821__BC__PRESIDENTE-BERNARDO-AREVALO-LIDERA-REUNION-CON-AUTORIDADES-ANCESTRALES-PUEBLOS-INDIGENAS-PALACIO-NACIONAL-000067-16x12.jpeg 16w\" data-lazy-sizes=\"(max-width: 768px) 100vw, 768px\" data-lazy-src=\"https:\/\/www.secretariaprivada.gob.gt\/wp-content\/uploads\/2025\/11\/20250821__BC__PRESIDENTE-BERNARDO-AREVALO-LIDERA-REUNION-CON-AUTORIDADES-ANCESTRALES-PUEBLOS-INDIGENAS-PALACIO-NACIONAL-000067-768x576.jpeg?is-pending-load=1\" srcset=\"data:image\/png;base64,iVBORw0KGgoAAAANSUhEUgAAAE0AAAA5CAYAAABzuqZnAAAACXBIWXMAAA7EAAAOxAGVKw4bAAAAKElEQVR42u3BMQEAAADCoPVPbQlPoAAAAAAAAAAAAAAAAAAAAAAADgZEzQABzhJDggAAAABJRU5ErkJggg==\" \/><\/div><\/div><\/div><div class=\"gt3pg-isotope-item loading\" ><div class=\"isotope_item-wrapper\"><div class=\"img-wrapper\"><img loading=\"lazy\" decoding=\"async\" width=\"768\" height=\"576\" src=\"https:\/\/www.secretariaprivada.gob.gt\/wp-content\/uploads\/2025\/11\/20250821__BC__PRESIDENTE-BERNARDO-AREVALO-LIDERA-REUNION-CON-AUTORIDADES-ANCESTRALES-PUEBLOS-INDIGENAS-PALACIO-NACIONAL-000069-768x576.jpeg\" class=\"skip-lazy gt3-lazy-image\" alt=\"\" data-lazy-srcset=\"https:\/\/www.secretariaprivada.gob.gt\/wp-content\/uploads\/2025\/11\/20250821__BC__PRESIDENTE-BERNARDO-AREVALO-LIDERA-REUNION-CON-AUTORIDADES-ANCESTRALES-PUEBLOS-INDIGENAS-PALACIO-NACIONAL-000069-768x576.jpeg 768w, https:\/\/www.secretariaprivada.gob.gt\/wp-content\/uploads\/2025\/11\/20250821__BC__PRESIDENTE-BERNARDO-AREVALO-LIDERA-REUNION-CON-AUTORIDADES-ANCESTRALES-PUEBLOS-INDIGENAS-PALACIO-NACIONAL-000069-533x400.jpeg 533w, https:\/\/www.secretariaprivada.gob.gt\/wp-content\/uploads\/2025\/11\/20250821__BC__PRESIDENTE-BERNARDO-AREVALO-LIDERA-REUNION-CON-AUTORIDADES-ANCESTRALES-PUEBLOS-INDIGENAS-PALACIO-NACIONAL-000069-667x500.jpeg 667w, https:\/\/www.secretariaprivada.gob.gt\/wp-content\/uploads\/2025\/11\/20250821__BC__PRESIDENTE-BERNARDO-AREVALO-LIDERA-REUNION-CON-AUTORIDADES-ANCESTRALES-PUEBLOS-INDIGENAS-PALACIO-NACIONAL-000069-267x200.jpeg 267w, https:\/\/www.secretariaprivada.gob.gt\/wp-content\/uploads\/2025\/11\/20250821__BC__PRESIDENTE-BERNARDO-AREVALO-LIDERA-REUNION-CON-AUTORIDADES-ANCESTRALES-PUEBLOS-INDIGENAS-PALACIO-NACIONAL-000069-16x12.jpeg 16w\" data-lazy-sizes=\"(max-width: 768px) 100vw, 768px\" data-lazy-src=\"https:\/\/www.secretariaprivada.gob.gt\/wp-content\/uploads\/2025\/11\/20250821__BC__PRESIDENTE-BERNARDO-AREVALO-LIDERA-REUNION-CON-AUTORIDADES-ANCESTRALES-PUEBLOS-INDIGENAS-PALACIO-NACIONAL-000069-768x576.jpeg?is-pending-load=1\" srcset=\"data:image\/png;base64,iVBORw0KGgoAAAANSUhEUgAAAE0AAAA5CAYAAABzuqZnAAAACXBIWXMAAA7EAAAOxAGVKw4bAAAAKElEQVR42u3BMQEAAADCoPVPbQlPoAAAAAAAAAAAAAAAAAAAAAAADgZEzQABzhJDggAAAABJRU5ErkJggg==\" \/><\/div><\/div><\/div>\t\t\t<\/div>\r\n\t\t<\/div>\r\n\t\t<script type=\"application\/json\" id=\"settings--uid-33b1b587407f3cc4\">{\"id\":1,\"uid\":\"uid-33b1b587407f3cc4\",\"grid_type\":\"square\",\"modules\":[]}<\/script>\r\n\t\t<\/div>","protected":false},"excerpt":{"rendered":"<p>El presidente de la Rep\u00fablica, Bernardo Ar\u00e9valo, acompa\u00f1\u00f3 la D\u00e9cimo Sexta Asamblea Nacional de Di\u00e1logo con Autoridades Ind\u00edgenas y Ancestrales, dedicada en esta ocasi\u00f3n al tema de la activaci\u00f3n econ\u00f3mica de los pueblos ind\u00edgenas.&nbsp; El mandatario subray\u00f3 que el reconocimiento de los pueblos ind\u00edgenas debe traducirse en medidas de bienestar concretas, m\u00e1s all\u00e1 de lo [&hellip;]<\/p>\n","protected":false},"author":1,"featured_media":971,"comment_status":"closed","ping_status":"closed","sticky":false,"template":"","format":"standard","meta":{"_acf_changed":false,"editor_plus_copied_stylings":"{}","footnotes":"","_links_to":"","_links_to_target":""},"categories":[1],"tags":[],"class_list":["post-970","post","type-post","status-publish","format-standard","has-post-thumbnail","hentry","category-uncategorized"],"acf":[],"_links":{"self":[{"href":"https:\/\/www.secretariaprivada.gob.gt\/en\/wp-json\/wp\/v2\/posts\/970","targetHints":{"allow":["GET"]}}],"collection":[{"href":"https:\/\/www.secretariaprivada.gob.gt\/en\/wp-json\/wp\/v2\/posts"}],"about":[{"href":"https:\/\/www.secretariaprivada.gob.gt\/en\/wp-json\/wp\/v2\/types\/post"}],"author":[{"embeddable":true,"href":"https:\/\/www.secretariaprivada.gob.gt\/en\/wp-json\/wp\/v2\/users\/1"}],"replies":[{"embeddable":true,"href":"https:\/\/www.secretariaprivada.gob.gt\/en\/wp-json\/wp\/v2\/comments?post=970"}],"version-history":[{"count":0,"href":"https:\/\/www.secretariaprivada.gob.gt\/en\/wp-json\/wp\/v2\/posts\/970\/revisions"}],"wp:featuredmedia":[{"embeddable":true,"href":"https:\/\/www.secretariaprivada.gob.gt\/en\/wp-json\/wp\/v2\/media\/971"}],"wp:attachment":[{"href":"https:\/\/www.secretariaprivada.gob.gt\/en\/wp-json\/wp\/v2\/media?parent=970"}],"wp:term":[{"taxonomy":"category","embeddable":true,"href":"https:\/\/www.secretariaprivada.gob.gt\/en\/wp-json\/wp\/v2\/categories?post=970"},{"taxonomy":"post_tag","embeddable":true,"href":"https:\/\/www.secretariaprivada.gob.gt\/en\/wp-json\/wp\/v2\/tags?post=970"}],"curies":[{"name":"wp","href":"https:\/\/api.w.org\/{rel}","templated":true}]}}